{"id":33075,"date":"2024-06-25T08:20:24","date_gmt":"2024-06-25T06:20:24","guid":{"rendered":"https:\/\/www.zooroyal.de\/magazin\/?p=33075"},"modified":"2026-03-24T12:15:36","modified_gmt":"2026-03-24T11:15:36","slug":"milben-bei-kaninchen","status":"publish","type":"post","link":"https:\/\/www.zooroyal.de\/magazin\/kleintier\/kaninchen\/milben-bei-kaninchen\/","title":{"rendered":"Milben bei Kaninchen"},"content":{"rendered":"<div id=\"pl-33075\"  class=\"panel-layout\" ><div id=\"pg-33075-0\"  class=\"panel-grid panel-no-style\" ><div id=\"pgc-33075-0-0\"  class=\"panel-grid-cell\" ><div id=\"panel-33075-0-0-0\" class=\"so-panel widget widget_sow-editor panel-first-child panel-last-child\" data-index=\"0\" ><div\n\t\t\t\n\t\t\tclass=\"so-widget-sow-editor so-widget-sow-editor-base\"\n\t\t\t\n\t\t>\n<div class=\"siteorigin-widget-tinymce textwidget\">\n\t<p><img loading=\"lazy\" decoding=\"async\" class=\"alignnone size-full wp-image-33076\" src=\"https:\/\/www.zooroyal.de\/magazin\/wp-content\/uploads\/2024\/06\/kaninchen-milben-760x570-1.gif\" alt=\"Schwarz-braunes Kaninchen sitzt im Gras.\" width=\"760\" height=\"570\" \/><div class=\"mobile-toc\"><\/div><\/p>\n<p>Milben sind bei Kaninchen <strong>keine Seltenheit<\/strong>. Bei guter Haltung und einem starken Immunsystem, stellen sie f\u00fcr Langohren aber <strong>kaum eine Gefahr<\/strong> dar. Vermehren sie sich pl\u00f6tzlich rasant, was sich beispielsweise durch Haarausfall bemerkbar macht, k\u00f6nnen sie mit entsprechenden Mitteln bek\u00e4mpft werden.<\/p>\n<h2 id=\"wie-erkenne-ich-milben-bei-kaninchen\">Wie erkenne ich Milben bei Kaninchen?<\/h2>\n<p>Milben z\u00e4hlen zu den<strong> Spinnentieren<\/strong> und besitzen daher <strong>acht Beine<\/strong>. Das gilt auch f\u00fcr <strong>Zecken<\/strong>, diese werden jedoch deutlich gr\u00f6\u00dfer. Milbenarten, die Kaninchen befallen, sind h\u00f6chstens einen <strong>halben Millimeter<\/strong> gro\u00df. Mit dem blo\u00dfen Auge sind sie gerade noch als <strong>kleiner Punkt<\/strong> zu identifizieren. Mit einer Lupe kannst du die winzigen Parasiten relativ gut erkennen. Um welche Art es sich genau handelt, muss allerdings der<strong> Tierarzt unter dem Mikroskop<\/strong> beurteilen, indem er ein \u201eHautgeschabsel\u201c untersucht.<\/p>\n<h3 id=\"typische-milbenarten-auf-kaninchen\">Typische Milbenarten auf Kaninchen<\/h3>\n<p><strong>Pelzmilbe<\/strong><br \/>\nSie sind <strong>sehr unauff\u00e4llig<\/strong> und werden oft erst bemerkt, wenn sie sich so stark vermehrt haben, dass sie beim Kaninchen Juckreiz ausl\u00f6sen. Sie siedeln sich in Haarb\u00e4lgen an und k\u00f6nnen in seltenen F\u00e4llen auch <strong>auf den Menschen \u00fcbertragbar<\/strong> sein.<\/p>\n<p><strong>Ohrmilbe<\/strong><br \/>\nDer Name ist Programm: Ohrmilben besiedeln haupts\u00e4chlich den <strong>inneren Ohrbereich<\/strong> von Kaninchen. Wie auch anderen Milben ern\u00e4hren sie sich von Gewebsfl\u00fcssigkeit, Hautschuppen, Blut und Haaren.<\/p>\n<p><strong>Herbstgrasmilbe<\/strong><br \/>\nSie lauern im Sommer und Herbst in Gr\u00e4sern und stellen daher <strong>haupts\u00e4chlich bei Au\u00dfenhaltung<\/strong> eine Gefahr f\u00fcr Kaninchen dar. Sie besiedeln vor allem den Kopfbereiche der Kaninchen und graben sich dort in die obere Hautschicht ein.<\/p>\n<p><strong>Raubmilbe<\/strong><br \/>\nDiese winzige Milbenart ern\u00e4hrt sich nicht nur von Gewebsfl\u00fcssigkeit des Kaninchens, sondern macht auch <strong>Jagd auf andere Milben<\/strong>. Dazu sind sie sowohl auf als auch innerhalb der Hautschichten unterwegs.<\/p>\n<p><strong>Grabmilbe<\/strong><br \/>\nWie der Name schon andeutet, \u201egraben\u201c sich die Tierchen <strong>in die oberste Hautschicht<\/strong> der Kaninchen ein. Das gilt allerdings nur f\u00fcr Weibchen, die dort ihre Eier ablegen. M\u00e4nnliche Tiere verbleiben an der Oberfl\u00e4che. H\u00e4ufige Aufenthaltsorte sind rund um die Nase und das Maul.<\/p>\n<h2 id=\"welche-symptome-zeigen-sich-bei-einem-milbenbefall\">Welche Symptome zeigen sich bei einem Milbenbefall?<\/h2>\n<p>Aufgrund der verschiedenen Milbenarten, die Kaninchen befallen, sind die Symptome nicht immer gleich. Typisch sind jedoch folgende Anzeichen:<\/p>\n<ul>\n<li>Haarausfall<\/li>\n<li>Hautr\u00f6tungen<\/li>\n<li>Krusten auf der Haut<\/li>\n<li>Schuppenbildung<\/li>\n<li>Hautverdickungen<\/li>\n<li>Verklebtes Fell<\/li>\n<li>Kopfsch\u00fctteln (bei Ohrmilben)<\/li>\n<li>Pusteln<\/li>\n<\/ul>\n<p>Dar\u00fcber hinaus k\u00f6nnen auch <strong>Verhaltens\u00e4nderungen<\/strong> auf einen Befall mit Milben hinweisen: Manche Kaninchen wirken <strong>gestresst<\/strong>, weil sie beispielsweise nicht an die juckende Stelle gelangen. Andere verhalten sich eher <strong>apathisch<\/strong>. Typisch ist zudem <strong>h\u00e4ufiges Kratzen<\/strong>, aber dieses ist oft <strong>erst bei einem starken Milbenauftreten<\/strong> der Fall. Manche Langohren wollen nicht angefasst werden oder sind <strong>pl\u00f6tzlich streits\u00fcchtig<\/strong>.<\/p>\n<h2 id=\"wie-gelangen-milben-auf-kaninchen\">Wie gelangen Milben auf Kaninchen?<\/h2>\n<p>Es gibt verschiedene \u00dcbertragungsm\u00f6glichkeiten: Die h\u00e4ufigste ist die \u00dcbertragung <strong>von einem Tier zum anderen<\/strong>. Dazu kann es bereits in der Zoohandlung oder beim Z\u00fcchter gekommen sein oder erst beim privaten Tierhalter. M\u00f6glich ist auch eine <strong>Einschleppung der Parasiten \u00fcber Heu oder Stroh<\/strong>.<\/p>\n<p>Bei <a href=\"\/magazin\/kleintier\/ab-ins-freie-umzug-fuer-meerschwein-und-co\/\">Au\u00dfenhaltung von Kleintieren<\/a> kommt hinzu, dass Milben <strong>in der Wiese<\/strong> auf ein Wirtstier warten k\u00f6nnten. Aufgrund der Vielzahl an M\u00f6glichkeiten ist es daher eher unwahrscheinlich, dass ein Kaninchen ein Leben lang von Milben verschont bleibt. Ist es gesund und munter, k\u00f6nnen ihm die Plagegeister aber nur bedingt etwas anhaben.<\/p>\n<\/div>\n<\/div><\/div><\/div><\/div><div id=\"pg-33075-1\"  class=\"panel-grid panel-no-style\" ><div id=\"pgc-33075-1-0\"  class=\"panel-grid-cell\" ><div id=\"panel-33075-1-0-0\" class=\"so-panel widget widget_new_reco panel-first-child panel-last-child\" data-index=\"1\" ><div\n\t\t\t\n\t\t\tclass=\"so-widget-new_reco so-widget-new_reco-default-d75171398898-33075\"\n\t\t\t\n\t\t><aside class=\"products-desktop\" aria-label=\"Produktempfehlungen\">\n\n\n<span class=\"product-teaser-headline\">Unsere Lieblingsprodukte f\u00fcr dich<\/span>\n\n<div class=\"sc-zr-listing-container \">\n    <article class=\"zr-product-tile zr-product-tile__sponsored sc-zr-product-tile\">\n        <a href=\"https:\/\/www.zooroyal.de\/trixie-kleintier-laufteller-aus-holz\/kork-o-22-cm?icid=magproteaser_kleintier_kaninchen_milben-bei-kaninchen_\" class=\"article__wrapper--productimage\" title=\"Trixie Kleintier Laufteller aus Holz\/Kork \u00f8 22 cm\" target=\"_blank\">\n\n\n        <div class=\"zr-product-tile__image sc-zr-product-tile\">\n            <img decoding=\"async\"\n                src=\"https:\/\/www.zooroyal.de\/media\/image\/trixie_laufteller_hamster_1.jpg\"\n                alt=\"Trixie Kleintier Laufteller aus Holz\/Kork \u00f8 22 cm\">\n\n        <\/div>\n        <div class=\"zr-product-tile__detail sc-zr-product-tile\">\n                <div class=\"zr-product-tile__supplier sc-zr-product-tile\">\n                    Trixie                <\/div>\n                <p class=\"zr-product-tile__name sc-zr-product-tile\">Trixie Kleintier Laufteller aus Holz\/Kork \u00f8 22 cm<\/p>\n        <\/div>\n        <\/a>\n\n\n        <div class=\"zr-price--listing sc-zr-product-tile hydrated\">\n            <div class=\"zr-price__wrapper sc-zr-price\">\n                <p class=\"zr-price__current-price p-price sc-zr-price\">\n                    13.89 EUR                <\/p>\n                                    <div class=\"zr-price__placeholder\"><\/div> <!-- Optional: Platzhalter -->\n                            <\/div>\n            <div class=\"text-center btn-wrapper\">\n                <a class=\"btn rounded\" href=\"https:\/\/www.zooroyal.de\/trixie-kleintier-laufteller-aus-holz\/kork-o-22-cm?icid=magproteaser_kleintier_kaninchen_milben-bei-kaninchen_\" target=\"_blank\">\n                    Zum Produkt\n                <\/a>\n            <\/div>\n        <\/div>\n\n\n    <\/article>\n\n        <article class=\"zr-product-tile zr-product-tile__sponsored sc-zr-product-tile\">\n        <a href=\"https:\/\/www.zooroyal.de\/trixie-futternapf-aus-keramik-abgerundet-100?icid=magproteaser_kleintier_kaninchen_milben-bei-kaninchen_\" class=\"article__wrapper--productimage\" title=\"Trixie Futternapf aus Keramik, abgerundet \u2300100\" target=\"_blank\">\n\n\n        <div class=\"zr-product-tile__image sc-zr-product-tile\">\n            <img decoding=\"async\"\n                src=\"https:\/\/www.zooroyal.de\/media\/image\/trixie-futternapf-aus-keramik-abgerundet-10cm.jpg\"\n                alt=\"Trixie Futternapf aus Keramik, abgerundet \u2300100\">\n\n        <\/div>\n        <div class=\"zr-product-tile__detail sc-zr-product-tile\">\n                <div class=\"zr-product-tile__supplier sc-zr-product-tile\">\n                    Trixie                <\/div>\n                <p class=\"zr-product-tile__name sc-zr-product-tile\">Trixie Futternapf aus Keramik, abgerundet \u2300100<\/p>\n        <\/div>\n        <\/a>\n\n\n        <div class=\"zr-price--listing sc-zr-product-tile hydrated\">\n            <div class=\"zr-price__wrapper sc-zr-price\">\n                <p class=\"zr-price__current-price p-price sc-zr-price\">\n                    2.89 EUR                <\/p>\n                                    <div class=\"zr-price__placeholder\"><\/div> <!-- Optional: Platzhalter -->\n                            <\/div>\n            <div class=\"text-center btn-wrapper\">\n                <a class=\"btn rounded\" href=\"https:\/\/www.zooroyal.de\/trixie-futternapf-aus-keramik-abgerundet-100?icid=magproteaser_kleintier_kaninchen_milben-bei-kaninchen_\" target=\"_blank\">\n                    Zum Produkt\n                <\/a>\n            <\/div>\n        <\/div>\n\n\n    <\/article>\n\n        <article class=\"zr-product-tile zr-product-tile__sponsored sc-zr-product-tile\">\n        <a href=\"https:\/\/www.zooroyal.de\/vitakraft-emotion-kraecker-herbal-zwergkaninchen-2-stueck?icid=magproteaser_kleintier_kaninchen_milben-bei-kaninchen_\" class=\"article__wrapper--productimage\" title=\"Vitakraft Emotion Kr\u00e4cker Herbal Zwergkaninchen 2 St\u00fcck\" target=\"_blank\">\n\n\n        <div class=\"zr-product-tile__image sc-zr-product-tile\">\n            <img decoding=\"async\"\n                src=\"https:\/\/www.zooroyal.de\/media\/image\/vitakraft-emotion-kraecker-herbal-zwergkaninchen-2-sturck.jpg\"\n                alt=\"Vitakraft Emotion Kr\u00e4cker Herbal Zwergkaninchen 2 St\u00fcck\">\n\n        <\/div>\n        <div class=\"zr-product-tile__detail sc-zr-product-tile\">\n                <div class=\"zr-product-tile__supplier sc-zr-product-tile\">\n                    Vitakraft                <\/div>\n                <p class=\"zr-product-tile__name sc-zr-product-tile\">Vitakraft Emotion Kr\u00e4cker Herbal Zwergkaninchen 2 St\u00fcck<\/p>\n        <\/div>\n        <\/a>\n\n\n        <div class=\"zr-price--listing sc-zr-product-tile hydrated\">\n            <div class=\"zr-price__wrapper sc-zr-price\">\n                <p class=\"zr-price__current-price p-price sc-zr-price\">\n                    2.09 EUR                <\/p>\n                                    <p class=\"zr-price__price-per-unit sc-zr-price\">\n                        18.66 \u20ac \/ 1 kg                    <\/p>\n                            <\/div>\n            <div class=\"text-center btn-wrapper\">\n                <a class=\"btn rounded\" href=\"https:\/\/www.zooroyal.de\/vitakraft-emotion-kraecker-herbal-zwergkaninchen-2-stueck?icid=magproteaser_kleintier_kaninchen_milben-bei-kaninchen_\" target=\"_blank\">\n                    Zum Produkt\n                <\/a>\n            <\/div>\n        <\/div>\n\n\n    <\/article>\n\n    <\/div>\n<\/aside>\n\n\n<!-- End Products-Desktop -->\n<aside class=\"products-mobile\" aria-label=\"Produktempfehlungen\">\n\n    <span class=\"product-teaser-headline\">Unsere Lieblingsprodukte f\u00fcr dich<\/span>\n    <div class=\"sc-zr-listing-container \">\n\n\n    <!-- Start Products-Mobile -->\n    <div class=\"swiper mySwiper69f452da0452d\">\n        <div class=\"swiper-wrapper\">\n\n                        <div class=\"swiper-slide\">\n                <article class=\"swiper-content zr-product-tile zr-product-tile__sponsored sc-zr-product-tile\">\n                    <a href=\"https:\/\/www.zooroyal.de\/trixie-kleintier-laufteller-aus-holz\/kork-o-22-cm?icid=magproteaser_kleintier_kaninchen_milben-bei-kaninchen_\" class=\"article__wrapper--productimage\" title=\"Trixie Kleintier Laufteller aus Holz\/Kork \u00f8 22 cm\" target=\"_blank\">\n\n\n                        <div class=\"zr-product-tile__image sc-zr-product-tile\">\n                            <img decoding=\"async\"\n                                    src=\"https:\/\/www.zooroyal.de\/media\/image\/trixie_laufteller_hamster_1.jpg\"\n                                    alt=\"Trixie Kleintier Laufteller aus Holz\/Kork \u00f8 22 cm\">\n\n                            <div id=\"swiper-button-next69f452da0452d\" class=\"swiper-button-next\"><\/div>\n                            <div id=\"swiper-button-prev69f452da0452d\" class=\"swiper-button-prev\"><\/div>\n\n                        <\/div>\n                        <div class=\"zr-product-tile__detail sc-zr-product-tile\">\n                            <div class=\"zr-product-tile__supplier sc-zr-product-tile\">\n                                Trixie                            <\/div>\n                            <p class=\"zr-product-tile__name sc-zr-product-tile\">Trixie Kleintier Laufteller aus Holz\/Kork \u00f8 22 cm<\/p>\n                        <\/div>\n                    <\/a>\n\n\n                    <div class=\"zr-price--listing sc-zr-product-tile hydrated\">\n                        <div class=\"zr-price__wrapper sc-zr-price\">\n                            <p class=\"zr-price__current-price p-price sc-zr-price\">\n                                13.89 EUR                            <\/p>\n                                                            <div class=\"zr-price__placeholder\"><\/div> <!-- Optional: Platzhalter -->\n                                                    <\/div>\n                        <div class=\"text-center btn-wrapper\">\n                            <a class=\"btn rounded\" href=\"https:\/\/www.zooroyal.de\/trixie-kleintier-laufteller-aus-holz\/kork-o-22-cm?icid=magproteaser_kleintier_kaninchen_milben-bei-kaninchen_\" target=\"_blank\">\n                                Zum Produkt\n                            <\/a>\n                        <\/div>\n\n\n                    <\/div>\n\n\n                <\/article>\n\n\n            <\/div>\n\n\n\n                            <div class=\"swiper-slide\">\n                <article class=\"swiper-content zr-product-tile zr-product-tile__sponsored sc-zr-product-tile\">\n                    <a href=\"https:\/\/www.zooroyal.de\/trixie-futternapf-aus-keramik-abgerundet-100?icid=magproteaser_kleintier_kaninchen_milben-bei-kaninchen_\" class=\"article__wrapper--productimage\" title=\"Trixie Futternapf aus Keramik, abgerundet \u2300100\" target=\"_blank\">\n\n\n                        <div class=\"zr-product-tile__image sc-zr-product-tile\">\n                            <img decoding=\"async\"\n                                    src=\"https:\/\/www.zooroyal.de\/media\/image\/trixie-futternapf-aus-keramik-abgerundet-10cm.jpg\"\n                                    alt=\"Trixie Futternapf aus Keramik, abgerundet \u2300100\">\n\n                            <div id=\"swiper-button-next69f452da0452d\" class=\"swiper-button-next\"><\/div>\n                            <div id=\"swiper-button-prev69f452da0452d\" class=\"swiper-button-prev\"><\/div>\n\n                        <\/div>\n                        <div class=\"zr-product-tile__detail sc-zr-product-tile\">\n                            <div class=\"zr-product-tile__supplier sc-zr-product-tile\">\n                                Trixie                            <\/div>\n                            <p class=\"zr-product-tile__name sc-zr-product-tile\">Trixie Futternapf aus Keramik, abgerundet \u2300100<\/p>\n                        <\/div>\n                    <\/a>\n\n\n                    <div class=\"zr-price--listing sc-zr-product-tile hydrated\">\n                        <div class=\"zr-price__wrapper sc-zr-price\">\n                            <p class=\"zr-price__current-price p-price sc-zr-price\">\n                                2.89 EUR                            <\/p>\n                                                            <div class=\"zr-price__placeholder\"><\/div> <!-- Optional: Platzhalter -->\n                                                    <\/div>\n                        <div class=\"text-center btn-wrapper\">\n                            <a class=\"btn rounded\" href=\"https:\/\/www.zooroyal.de\/trixie-futternapf-aus-keramik-abgerundet-100?icid=magproteaser_kleintier_kaninchen_milben-bei-kaninchen_\" target=\"_blank\">\n                                Zum Produkt\n                            <\/a>\n                        <\/div>\n\n\n                    <\/div>\n\n\n                <\/article>\n\n\n            <\/div>\n\n\n\n                            <div class=\"swiper-slide\">\n                <article class=\"swiper-content zr-product-tile zr-product-tile__sponsored sc-zr-product-tile\">\n                    <a href=\"https:\/\/www.zooroyal.de\/vitakraft-emotion-kraecker-herbal-zwergkaninchen-2-stueck?icid=magproteaser_kleintier_kaninchen_milben-bei-kaninchen_\" class=\"article__wrapper--productimage\" title=\"Vitakraft Emotion Kr\u00e4cker Herbal Zwergkaninchen 2 St\u00fcck\" target=\"_blank\">\n\n\n                        <div class=\"zr-product-tile__image sc-zr-product-tile\">\n                            <img decoding=\"async\"\n                                    src=\"https:\/\/www.zooroyal.de\/media\/image\/vitakraft-emotion-kraecker-herbal-zwergkaninchen-2-sturck.jpg\"\n                                    alt=\"Vitakraft Emotion Kr\u00e4cker Herbal Zwergkaninchen 2 St\u00fcck\">\n\n                            <div id=\"swiper-button-next69f452da0452d\" class=\"swiper-button-next\"><\/div>\n                            <div id=\"swiper-button-prev69f452da0452d\" class=\"swiper-button-prev\"><\/div>\n\n                        <\/div>\n                        <div class=\"zr-product-tile__detail sc-zr-product-tile\">\n                            <div class=\"zr-product-tile__supplier sc-zr-product-tile\">\n                                Vitakraft                            <\/div>\n                            <p class=\"zr-product-tile__name sc-zr-product-tile\">Vitakraft Emotion Kr\u00e4cker Herbal Zwergkaninchen 2 St\u00fcck<\/p>\n                        <\/div>\n                    <\/a>\n\n\n                    <div class=\"zr-price--listing sc-zr-product-tile hydrated\">\n                        <div class=\"zr-price__wrapper sc-zr-price\">\n                            <p class=\"zr-price__current-price p-price sc-zr-price\">\n                                2.09 EUR                            <\/p>\n                                                            <p class=\"zr-price__price-per-unit sc-zr-price\">\n                                    18.66 \u20ac \/ 1 kg                                <\/p>\n                                                    <\/div>\n                        <div class=\"text-center btn-wrapper\">\n                            <a class=\"btn rounded\" href=\"https:\/\/www.zooroyal.de\/vitakraft-emotion-kraecker-herbal-zwergkaninchen-2-stueck?icid=magproteaser_kleintier_kaninchen_milben-bei-kaninchen_\" target=\"_blank\">\n                                Zum Produkt\n                            <\/a>\n                        <\/div>\n\n\n                    <\/div>\n\n\n                <\/article>\n\n\n            <\/div>\n\n\n\n                        <\/div>\n\n        <div class=\"swiper-pagination-container\">\n        <div class=\"swiper-pagination\"><\/div>\n        <\/div>\n\n    <\/div>\n\n    <!-- Initialize Swiper -->\n    <script>\n        var swiper = new Swiper(\".mySwiper69f452da0452d\", {\n            loop: false,\n\n            navigation: {\n                nextEl: \"#swiper-button-next69f452da0452d\",\n                prevEl: \"#swiper-button-prev69f452da0452d\",\n            },\n            slidesPerView: 1.0,\n            centeredSlides: true,\n            spaceBetween: 10,\n            autoHeight: false,\n            effect: 'coverflow',\n            coverflowEffect: {\n                rotate: 30,\n                slideShadows: true,\n            },\n            keyboard: {\n                enabled: true,\n                onlyInViewport: false,\n            },\n            pagination: {\n                el: '.swiper-pagination',\n                clickable: true,\n            },\n        });\n    <\/script>\n<\/div>\n<\/aside>\n<\/div><\/div><\/div><\/div><div id=\"pg-33075-2\"  class=\"panel-grid panel-no-style\" ><div id=\"pgc-33075-2-0\"  class=\"panel-grid-cell\" ><div id=\"panel-33075-2-0-0\" class=\"so-panel widget widget_sow-editor panel-first-child panel-last-child\" data-index=\"2\" ><div\n\t\t\t\n\t\t\tclass=\"so-widget-sow-editor so-widget-sow-editor-base\"\n\t\t\t\n\t\t>\n<div class=\"siteorigin-widget-tinymce textwidget\">\n\t<h2 id=\"behandlung-von-milben-bei-kaninchen\">Behandlung von Milben bei Kaninchen<\/h2>\n<p>Wenn Milben durch Symptome wie Hautver\u00e4nderungen oder Fellverlust festgestellt werden, liegt \u00fcblicherweise schon ein starker Befall vor, der behandelt werden muss. Idealerweise suchst du hierf\u00fcr mit deinem Kaninchen einen <strong>Tierarzt<\/strong> auf, der eine genaue Diagnose durchf\u00fchrt. Hintergrund ist nicht nur die <strong>Feststellung der Milbenart<\/strong>, sondern auch, wie der Allgemeinzustand deines Kaninchens ist.<\/p>\n<p>Bei gesunden Tieren mit einem starken Immunsystem stellen Milben nur selten ein Problem dar. F\u00fcr einen dauerhaften Erfolg sollte daher nicht nur die Behandlung gegen die Parasiten durchgef\u00fchrt, sondern auch <strong>nach m\u00f6glichen Ursachen gesucht<\/strong> werden. Vielleicht ist das Kaninchen krank, es mangelt an Hygiene oder die Ern\u00e4hrung ist ungen\u00fcgend. Gemeinsam mit deinem Tierarzt kannst du nach Gr\u00fcnden suchen, die zur Vermehrung der Milben gef\u00fchrt haben k\u00f6nnten.<\/p>\n<h3 id=\"leichter-befall-von-milben-auf-der-haut\">Leichter Befall von Milben auf der Haut<\/h3>\n<p>Liegt nur ein leichter Milbenbefall vor und handelt es sich dabei um eine Art, die nicht in die Haut eindringt, gibt es eine einfache L\u00f6sung: <strong>Kieselgur<\/strong>. Dabei handelt es sich um einen Naturstoff, der <strong>aus Kieselalgen gewonnen<\/strong> wird. Bepudert man mit diesem Pulver Haut und Fell der Kaninchen, lagert es sich auch auf den Parasiten ab und entfaltet hierbei seine besondere Wirkung: Kieselgur besteht aus winzigen scharfkantigen Partikeln, die die verdunstungshemmende Wachsoberfl\u00e4che der Milben zerst\u00f6rt. Sie trocknen also in k\u00fcrzester Zeit aus und sterben. Das funktioniert <strong>allerdings nicht bei Milbenarten, die sich in die Haut eingegraben haben<\/strong>. Hier muss der Tierarzt andere Mittel anwenden.<\/p>\n<h3 id=\"milbenbefall-in-der-haut\">Milbenbefall in der Haut<\/h3>\n<p>Stecken die Milben in der Haut oder handelt es sich um einen bereits deutlich fortgeschrittenen Milbenbefall, stehen dem Tierarzt <strong>unterschiedliche Medikamente<\/strong> zur Verf\u00fcgung. Diese k\u00f6nnen dem Kaninchen <strong>unter die Haut gespritzt oder als Spot-on in den Nacken getr\u00e4ufelt<\/strong> werden, um sich von dort \u00fcber die Haut zu verteilen. Zudem kann es notwendig sein, Symptome wie Hautverletzungen zu behandeln.<\/p>\n<h3 id=\"weiterfuehrende-massnahmen\">Weiterf\u00fchrende Ma\u00dfnahmen<\/h3>\n<p>Milben siedeln sich nicht nur auf den Kaninchen an. Betroffen kann auch die <strong>Umgebung<\/strong> sein. Du solltest daher die <strong>Streu sofort entfernen<\/strong> und den <strong>K\u00e4fig intensiv (mit hei\u00dfem Wasser) reinigen<\/strong>. Das gilt auch f\u00fcr <strong>Futterschalen<\/strong> und eventuelles <strong>Spielzeug<\/strong>.<\/p>\n<h2 id=\"wie-kann-ich-einem-milbenbefall-vorbeugen\">Wie kann ich einem Milbenbefall vorbeugen?<\/h2>\n<p>Milben k\u00f6nnen schnell von einem Tier zum n\u00e4chsten \u00fcbertragen werden. Zudem lauern sie bei Au\u00dfenhaltung und k\u00f6nnen sich in Stroh und Heu verbergen. Ein Befall ist daher <strong>schwer auszuschlie\u00dfen<\/strong>. Entscheidend ist jedoch der Gesundheitszustand eines Kaninchens und die Haltungsbedingungen. Umso besser diese sind, umso unwahrscheinlicher ist eine starke Vermehrung der Milben. Folgendes kannst du hierf\u00fcr tun:<\/p>\n<ul>\n<li>Eine hochwertige und artgerechte Ern\u00e4hrung unterst\u00fctzt ein starkes Immunsystem.<\/li>\n<li>Wechsle regelm\u00e4\u00dfig die Einstreu und reinige die Auffangschale mit Essigwasser bzw. hei\u00dfem Wasser.<\/li>\n<li>Statt Plastikn\u00e4pfen solltest du eher Keramikn\u00e4pfe verwenden.<\/li>\n<li>Bei einem Neuzugang eines Kaninchens sollte nach M\u00f6glichkeit ein Milbenbefall ausgeschlossen werden.<\/li>\n<li>Vermeide Stress in der Gruppe, indem du auf eine homogene Vergesellschaftung achtest, ausreichend Platz zur Verf\u00fcgung stellst und gen\u00fcgend Auslauf bietest.<\/li>\n<li>Nicht jedes Tier ist von Anfang an zahm und m\u00f6chte gekuschelt oder auf den Arm genommen werden.<\/li>\n<li>Kontrolliere regelm\u00e4\u00dfig Haut und Fell deiner Tiere auf einen Parasitenbefall.<\/li>\n<\/ul>\n<h2 id=\"quellen\">Quellen<\/h2>\n<ul>\n<li>Ewringmann, A. (2016): Leitsymptome beim Kaninchen<\/li>\n<li>Kleintier konkret (2022): Hautdiagnostik und parasit\u00e4re Infektionen bei Kaninchen<\/li>\n<\/ul>\n<\/div>\n<\/div><\/div><\/div><\/div><div id=\"pg-33075-3\"  class=\"panel-grid panel-no-style\" ><div id=\"pgc-33075-3-0\"  class=\"panel-grid-cell\" ><div id=\"panel-33075-3-0-0\" class=\"so-panel widget widget_zr_widget_authorprofile panel-first-child panel-last-child\" data-index=\"3\" >\n    <hr>\n    <div class=\"author-profile-container\">\n\n        <img width=\"150\" height=\"150\" src=\"https:\/\/www.zooroyal.de\/magazin\/wp-content\/uploads\/2024\/05\/Thomas-Brodmann-und-Johnny-150x150.jpg\" class=\"alignleft size-thumbnail author-profile-image wp-post-image\" alt=\"Thomas Brodmann\" loading=\"lazy\" decoding=\"async\" srcset=\"https:\/\/www.zooroyal.de\/magazin\/wp-content\/uploads\/2024\/05\/Thomas-Brodmann-und-Johnny-150x150.jpg 150w, https:\/\/www.zooroyal.de\/magazin\/wp-content\/uploads\/2024\/05\/Thomas-Brodmann-und-Johnny-60x60.jpg 60w\" sizes=\"auto, (max-width: 150px) 100vw, 150px\" \/>\n        <p>\n            <a href=\"https:\/\/www.zooroyal.de\/magazin\/ueber-uns\/redaktion\/thomas-brodmann\/\">Thomas Brodmann<\/a>, Autor & Tierfotograf       <\/p>\n\n        Als freier Journalist und Fotograf ist Thomas auf Haustiere und Wildtiere spezialisiert - mit mittlerweile bereits \u00fcber 20 Jahren Erfahrung. Er schrieb bereits f\u00fcr zahlreiche bekannte Tiermagazine und ver\u00f6ffentlichte 2017 sein Buch \"Unser Hund fit und gesund\", in dem er wertvolle Tipps rund um die Ern\u00e4hrung und Gesundheit von Hunden gibt.\n        \n         <!-- Clearfix f\u00fcr den float -->\n        <div style=\"clear: both;\"><\/div>\n    <\/div>\n    <hr>\n\n<\/div><\/div><\/div><div id=\"pg-33075-4\"  class=\"panel-grid panel-no-style\" ><div id=\"pgc-33075-4-0\"  class=\"panel-grid-cell\" ><div id=\"panel-33075-4-0-0\" class=\"so-panel widget widget_new_reco panel-first-child panel-last-child\" data-index=\"4\" ><div\n\t\t\t\n\t\t\tclass=\"so-widget-new_reco so-widget-new_reco-default-d75171398898-33075\"\n\t\t\t\n\t\t><aside class=\"products-desktop\" aria-label=\"Produktempfehlungen\">\n\n\n<span class=\"product-teaser-headline\">Unsere Lieblingsprodukte f\u00fcr dich<\/span>\n\n<div class=\"sc-zr-listing-container \">\n    <article class=\"zr-product-tile zr-product-tile__sponsored sc-zr-product-tile\">\n        <a href=\"https:\/\/www.zooroyal.de\/vitakraft-vita-verde-heu-wildrose-500g?icid=magproteaser_kleintier_kaninchen_milben-bei-kaninchen_\" class=\"article__wrapper--productimage\" title=\"Vitakraft Vita Verde Heu &amp; Wildrose 500g\" target=\"_blank\">\n\n\n        <div class=\"zr-product-tile__image sc-zr-product-tile\">\n            <img decoding=\"async\"\n                src=\"https:\/\/www.zooroyal.de\/media\/image\/vitakraft-vita-verde-nature-plus-timothy-heu-und-wildrose-1.jpg\"\n                alt=\"Vitakraft Vita Verde Heu &amp; Wildrose 500g\">\n\n        <\/div>\n        <div class=\"zr-product-tile__detail sc-zr-product-tile\">\n                <div class=\"zr-product-tile__supplier sc-zr-product-tile\">\n                    Vitakraft                <\/div>\n                <p class=\"zr-product-tile__name sc-zr-product-tile\">Vitakraft Vita Verde Heu &amp; Wildrose 500g<\/p>\n        <\/div>\n        <\/a>\n\n\n        <div class=\"zr-price--listing sc-zr-product-tile hydrated\">\n            <div class=\"zr-price__wrapper sc-zr-price\">\n                <p class=\"zr-price__current-price p-price sc-zr-price\">\n                    2.49 EUR                <\/p>\n                                    <p class=\"zr-price__price-per-unit sc-zr-price\">\n                        4.98 \u20ac \/ 1 kg                    <\/p>\n                            <\/div>\n            <div class=\"text-center btn-wrapper\">\n                <a class=\"btn rounded\" href=\"https:\/\/www.zooroyal.de\/vitakraft-vita-verde-heu-wildrose-500g?icid=magproteaser_kleintier_kaninchen_milben-bei-kaninchen_\" target=\"_blank\">\n                    Zum Produkt\n                <\/a>\n            <\/div>\n        <\/div>\n\n\n    <\/article>\n\n        <article class=\"zr-product-tile zr-product-tile__sponsored sc-zr-product-tile\">\n        <a href=\"https:\/\/www.zooroyal.de\/trixie-kleintier-laufteller-aus-holz\/kork-o-30-cm?icid=magproteaser_kleintier_kaninchen_milben-bei-kaninchen_\" class=\"article__wrapper--productimage\" title=\"Trixie Kleintier Laufteller aus Holz\/Kork \u00f8 30 cm\" target=\"_blank\">\n\n\n        <div class=\"zr-product-tile__image sc-zr-product-tile\">\n            <img decoding=\"async\"\n                src=\"https:\/\/www.zooroyal.de\/media\/image\/trixie_laufteller_degu_1.jpg\"\n                alt=\"Trixie Kleintier Laufteller aus Holz\/Kork \u00f8 30 cm\">\n\n        <\/div>\n        <div class=\"zr-product-tile__detail sc-zr-product-tile\">\n                <div class=\"zr-product-tile__supplier sc-zr-product-tile\">\n                    Trixie                <\/div>\n                <p class=\"zr-product-tile__name sc-zr-product-tile\">Trixie Kleintier Laufteller aus Holz\/Kork \u00f8 30 cm<\/p>\n        <\/div>\n        <\/a>\n\n\n        <div class=\"zr-price--listing sc-zr-product-tile hydrated\">\n            <div class=\"zr-price__wrapper sc-zr-price\">\n                <p class=\"zr-price__current-price p-price sc-zr-price\">\n                    16.19 EUR                <\/p>\n                                    <div class=\"zr-price__placeholder\"><\/div> <!-- Optional: Platzhalter -->\n                            <\/div>\n            <div class=\"text-center btn-wrapper\">\n                <a class=\"btn rounded\" href=\"https:\/\/www.zooroyal.de\/trixie-kleintier-laufteller-aus-holz\/kork-o-30-cm?icid=magproteaser_kleintier_kaninchen_milben-bei-kaninchen_\" target=\"_blank\">\n                    Zum Produkt\n                <\/a>\n            <\/div>\n        <\/div>\n\n\n    <\/article>\n\n        <article class=\"zr-product-tile zr-product-tile__sponsored sc-zr-product-tile\">\n        <a href=\"https:\/\/www.zooroyal.de\/trixie-transportbox-pico?icid=magproteaser_kleintier_kaninchen_milben-bei-kaninchen_\" class=\"article__wrapper--productimage\" title=\"Trixie Transportbox Pico\" target=\"_blank\">\n\n\n        <div class=\"zr-product-tile__image sc-zr-product-tile\">\n            <img decoding=\"async\"\n                src=\"https:\/\/www.zooroyal.de\/media\/image\/trixie-transportbox-traveller-pico-23x17x16cm.jpg\"\n                alt=\"Trixie Transportbox Pico\">\n\n        <\/div>\n        <div class=\"zr-product-tile__detail sc-zr-product-tile\">\n                <div class=\"zr-product-tile__supplier sc-zr-product-tile\">\n                    Trixie                <\/div>\n                <p class=\"zr-product-tile__name sc-zr-product-tile\">Trixie Transportbox Pico<\/p>\n        <\/div>\n        <\/a>\n\n\n        <div class=\"zr-price--listing sc-zr-product-tile hydrated\">\n            <div class=\"zr-price__wrapper sc-zr-price\">\n                <p class=\"zr-price__current-price p-price sc-zr-price\">\n                    5.69 EUR                <\/p>\n                                    <div class=\"zr-price__placeholder\"><\/div> <!-- Optional: Platzhalter -->\n                            <\/div>\n            <div class=\"text-center btn-wrapper\">\n                <a class=\"btn rounded\" href=\"https:\/\/www.zooroyal.de\/trixie-transportbox-pico?icid=magproteaser_kleintier_kaninchen_milben-bei-kaninchen_\" target=\"_blank\">\n                    Zum Produkt\n                <\/a>\n            <\/div>\n        <\/div>\n\n\n    <\/article>\n\n    <\/div>\n<\/aside>\n\n\n<!-- End Products-Desktop -->\n<aside class=\"products-mobile\" aria-label=\"Produktempfehlungen\">\n\n    <span class=\"product-teaser-headline\">Unsere Lieblingsprodukte f\u00fcr dich<\/span>\n    <div class=\"sc-zr-listing-container \">\n\n\n    <!-- Start Products-Mobile -->\n    <div class=\"swiper mySwiper69f452da063d4\">\n        <div class=\"swiper-wrapper\">\n\n                        <div class=\"swiper-slide\">\n                <article class=\"swiper-content zr-product-tile zr-product-tile__sponsored sc-zr-product-tile\">\n                    <a href=\"https:\/\/www.zooroyal.de\/vitakraft-vita-verde-heu-wildrose-500g?icid=magproteaser_kleintier_kaninchen_milben-bei-kaninchen_\" class=\"article__wrapper--productimage\" title=\"Vitakraft Vita Verde Heu &amp; Wildrose 500g\" target=\"_blank\">\n\n\n                        <div class=\"zr-product-tile__image sc-zr-product-tile\">\n                            <img decoding=\"async\"\n                                    src=\"https:\/\/www.zooroyal.de\/media\/image\/vitakraft-vita-verde-nature-plus-timothy-heu-und-wildrose-1.jpg\"\n                                    alt=\"Vitakraft Vita Verde Heu &amp; Wildrose 500g\">\n\n                            <div id=\"swiper-button-next69f452da063d4\" class=\"swiper-button-next\"><\/div>\n                            <div id=\"swiper-button-prev69f452da063d4\" class=\"swiper-button-prev\"><\/div>\n\n                        <\/div>\n                        <div class=\"zr-product-tile__detail sc-zr-product-tile\">\n                            <div class=\"zr-product-tile__supplier sc-zr-product-tile\">\n                                Vitakraft                            <\/div>\n                            <p class=\"zr-product-tile__name sc-zr-product-tile\">Vitakraft Vita Verde Heu &amp; Wildrose 500g<\/p>\n                        <\/div>\n                    <\/a>\n\n\n                    <div class=\"zr-price--listing sc-zr-product-tile hydrated\">\n                        <div class=\"zr-price__wrapper sc-zr-price\">\n                            <p class=\"zr-price__current-price p-price sc-zr-price\">\n                                2.49 EUR                            <\/p>\n                                                            <p class=\"zr-price__price-per-unit sc-zr-price\">\n                                    4.98 \u20ac \/ 1 kg                                <\/p>\n                                                    <\/div>\n                        <div class=\"text-center btn-wrapper\">\n                            <a class=\"btn rounded\" href=\"https:\/\/www.zooroyal.de\/vitakraft-vita-verde-heu-wildrose-500g?icid=magproteaser_kleintier_kaninchen_milben-bei-kaninchen_\" target=\"_blank\">\n                                Zum Produkt\n                            <\/a>\n                        <\/div>\n\n\n                    <\/div>\n\n\n                <\/article>\n\n\n            <\/div>\n\n\n\n                            <div class=\"swiper-slide\">\n                <article class=\"swiper-content zr-product-tile zr-product-tile__sponsored sc-zr-product-tile\">\n                    <a href=\"https:\/\/www.zooroyal.de\/trixie-kleintier-laufteller-aus-holz\/kork-o-30-cm?icid=magproteaser_kleintier_kaninchen_milben-bei-kaninchen_\" class=\"article__wrapper--productimage\" title=\"Trixie Kleintier Laufteller aus Holz\/Kork \u00f8 30 cm\" target=\"_blank\">\n\n\n                        <div class=\"zr-product-tile__image sc-zr-product-tile\">\n                            <img decoding=\"async\"\n                                    src=\"https:\/\/www.zooroyal.de\/media\/image\/trixie_laufteller_degu_1.jpg\"\n                                    alt=\"Trixie Kleintier Laufteller aus Holz\/Kork \u00f8 30 cm\">\n\n                            <div id=\"swiper-button-next69f452da063d4\" class=\"swiper-button-next\"><\/div>\n                            <div id=\"swiper-button-prev69f452da063d4\" class=\"swiper-button-prev\"><\/div>\n\n                        <\/div>\n                        <div class=\"zr-product-tile__detail sc-zr-product-tile\">\n                            <div class=\"zr-product-tile__supplier sc-zr-product-tile\">\n                                Trixie                            <\/div>\n                            <p class=\"zr-product-tile__name sc-zr-product-tile\">Trixie Kleintier Laufteller aus Holz\/Kork \u00f8 30 cm<\/p>\n                        <\/div>\n                    <\/a>\n\n\n                    <div class=\"zr-price--listing sc-zr-product-tile hydrated\">\n                        <div class=\"zr-price__wrapper sc-zr-price\">\n                            <p class=\"zr-price__current-price p-price sc-zr-price\">\n                                16.19 EUR                            <\/p>\n                                                            <div class=\"zr-price__placeholder\"><\/div> <!-- Optional: Platzhalter -->\n                                                    <\/div>\n                        <div class=\"text-center btn-wrapper\">\n                            <a class=\"btn rounded\" href=\"https:\/\/www.zooroyal.de\/trixie-kleintier-laufteller-aus-holz\/kork-o-30-cm?icid=magproteaser_kleintier_kaninchen_milben-bei-kaninchen_\" target=\"_blank\">\n                                Zum Produkt\n                            <\/a>\n                        <\/div>\n\n\n                    <\/div>\n\n\n                <\/article>\n\n\n            <\/div>\n\n\n\n                            <div class=\"swiper-slide\">\n                <article class=\"swiper-content zr-product-tile zr-product-tile__sponsored sc-zr-product-tile\">\n                    <a href=\"https:\/\/www.zooroyal.de\/trixie-transportbox-pico?icid=magproteaser_kleintier_kaninchen_milben-bei-kaninchen_\" class=\"article__wrapper--productimage\" title=\"Trixie Transportbox Pico\" target=\"_blank\">\n\n\n                        <div class=\"zr-product-tile__image sc-zr-product-tile\">\n                            <img decoding=\"async\"\n                                    src=\"https:\/\/www.zooroyal.de\/media\/image\/trixie-transportbox-traveller-pico-23x17x16cm.jpg\"\n                                    alt=\"Trixie Transportbox Pico\">\n\n                            <div id=\"swiper-button-next69f452da063d4\" class=\"swiper-button-next\"><\/div>\n                            <div id=\"swiper-button-prev69f452da063d4\" class=\"swiper-button-prev\"><\/div>\n\n                        <\/div>\n                        <div class=\"zr-product-tile__detail sc-zr-product-tile\">\n                            <div class=\"zr-product-tile__supplier sc-zr-product-tile\">\n                                Trixie                            <\/div>\n                            <p class=\"zr-product-tile__name sc-zr-product-tile\">Trixie Transportbox Pico<\/p>\n                        <\/div>\n                    <\/a>\n\n\n                    <div class=\"zr-price--listing sc-zr-product-tile hydrated\">\n                        <div class=\"zr-price__wrapper sc-zr-price\">\n                            <p class=\"zr-price__current-price p-price sc-zr-price\">\n                                5.69 EUR                            <\/p>\n                                                            <div class=\"zr-price__placeholder\"><\/div> <!-- Optional: Platzhalter -->\n                                                    <\/div>\n                        <div class=\"text-center btn-wrapper\">\n                            <a class=\"btn rounded\" href=\"https:\/\/www.zooroyal.de\/trixie-transportbox-pico?icid=magproteaser_kleintier_kaninchen_milben-bei-kaninchen_\" target=\"_blank\">\n                                Zum Produkt\n                            <\/a>\n                        <\/div>\n\n\n                    <\/div>\n\n\n                <\/article>\n\n\n            <\/div>\n\n\n\n                        <\/div>\n\n        <div class=\"swiper-pagination-container\">\n        <div class=\"swiper-pagination\"><\/div>\n        <\/div>\n\n    <\/div>\n\n    <!-- Initialize Swiper -->\n    <script>\n        var swiper = new Swiper(\".mySwiper69f452da063d4\", {\n            loop: false,\n\n            navigation: {\n                nextEl: \"#swiper-button-next69f452da063d4\",\n                prevEl: \"#swiper-button-prev69f452da063d4\",\n            },\n            slidesPerView: 1.0,\n            centeredSlides: true,\n            spaceBetween: 10,\n            autoHeight: false,\n            effect: 'coverflow',\n            coverflowEffect: {\n                rotate: 30,\n                slideShadows: true,\n            },\n            keyboard: {\n                enabled: true,\n                onlyInViewport: false,\n            },\n            pagination: {\n                el: '.swiper-pagination',\n                clickable: true,\n            },\n        });\n    <\/script>\n<\/div>\n<\/aside>\n<\/div><\/div><\/div><\/div><\/div>","protected":false},"excerpt":{"rendered":"<p>Milben sind bei Kaninchen keine Seltenheit. Bei guter Haltung und einem starken Immunsystem, stellen sie f\u00fcr Langohren aber kaum eine Gefahr dar. Vermehren sie sich pl\u00f6tzlich rasant, was sich beispielsweise&#8230; <a class=\"moretag\" href=\"https:\/\/www.zooroyal.de\/magazin\/kleintier\/kaninchen\/milben-bei-kaninchen\/\">weiterlesen<\/a><\/p>\n","protected":false},"author":58,"featured_media":33076,"comment_status":"open","ping_status":"closed","sticky":false,"template":"","format":"standard","meta":{"footnotes":""},"categories":[1036,7],"tags":[5938,5936,1929,5933,5934,2826,1644,5935,2157,5937,2827],"class_list":["post-33075","post","type-post","status-publish","format-standard","has-post-thumbnail","hentry","category-kaninchen","category-kleintier","tag-grabmilben","tag-herbstgarsmilben","tag-kaninchenkrankheiten","tag-milben-bei-kaninchen","tag-milbenbefall","tag-ohrmilben","tag-parasiten","tag-parasiten-bei-kaninchen","tag-parasitenbefall","tag-pelzmilben","tag-raumilben"],"yoast_head":"<!-- This site is optimized with the Yoast SEO Premium plugin v25.6 (Yoast SEO v27.5) - https:\/\/yoast.com\/product\/yoast-seo-premium-wordpress\/ -->\n<title>Milben bei Kaninchen - Symptome, Ursachen &amp; Behandlung<\/title>\n<meta name=\"description\" content=\"Eine h\u00e4ufige Kleintierkrankheit: Milben bei Kaninchen. Sie sind keine Gefahr aber durchaus l\u00e4stig. So erkennst und bek\u00e4mpfst du den Befall.\" \/>\n<meta name=\"robots\" content=\"index, follow, max-snippet:-1, max-image-preview:large, max-video-preview:-1\" \/>\n<link rel=\"canonical\" href=\"https:\/\/www.zooroyal.de\/magazin\/kleintier\/kaninchen\/milben-bei-kaninchen\/\" \/>\n<meta property=\"og:locale\" content=\"de_DE\" \/>\n<meta property=\"og:type\" content=\"article\" \/>\n<meta property=\"og:title\" content=\"Milben bei Kaninchen\" \/>\n<meta property=\"og:description\" content=\"Eine h\u00e4ufige Kleintierkrankheit: Milben bei Kaninchen. Sie sind keine Gefahr aber durchaus l\u00e4stig. So erkennst und bek\u00e4mpfst du den Befall.\" \/>\n<meta property=\"og:url\" content=\"https:\/\/www.zooroyal.de\/magazin\/kleintier\/kaninchen\/milben-bei-kaninchen\/\" \/>\n<meta property=\"og:site_name\" content=\"ZooRoyal Magazin\" \/>\n<meta property=\"article:publisher\" content=\"https:\/\/www.facebook.com\/ZooRoyalDE\" \/>\n<meta property=\"article:published_time\" content=\"2024-06-25T06:20:24+00:00\" \/>\n<meta property=\"article:modified_time\" content=\"2026-03-24T11:15:36+00:00\" \/>\n<meta property=\"og:image\" content=\"https:\/\/www.zooroyal.de\/magazin\/wp-content\/uploads\/2024\/06\/kaninchen-milben-760x570-1.gif\" \/>\n\t<meta property=\"og:image:width\" content=\"760\" \/>\n\t<meta property=\"og:image:height\" content=\"570\" \/>\n\t<meta property=\"og:image:type\" content=\"image\/gif\" \/>\n<meta name=\"author\" content=\"Jacqueline Fischer\" \/>\n<meta name=\"twitter:card\" content=\"summary_large_image\" \/>\n<meta name=\"twitter:creator\" content=\"@zooroyal\" \/>\n<meta name=\"twitter:site\" content=\"@zooroyal\" \/>\n<meta name=\"twitter:label1\" content=\"Written by\" \/>\n\t<meta name=\"twitter:data1\" content=\"Jacqueline Fischer\" \/>\n\t<meta name=\"twitter:label2\" content=\"Est. reading time\" \/>\n\t<meta name=\"twitter:data2\" content=\"6\u00a0Minuten\" \/>\n<script type=\"application\/ld+json\" class=\"yoast-schema-graph\">{\"@context\":\"https:\\\/\\\/schema.org\",\"@graph\":[{\"@type\":\"Article\",\"@id\":\"https:\\\/\\\/www.zooroyal.de\\\/magazin\\\/kleintier\\\/kaninchen\\\/milben-bei-kaninchen\\\/#article\",\"isPartOf\":{\"@id\":\"https:\\\/\\\/www.zooroyal.de\\\/magazin\\\/kleintier\\\/kaninchen\\\/milben-bei-kaninchen\\\/\"},\"author\":{\"name\":\"Jacqueline Fischer\",\"@id\":\"https:\\\/\\\/www.zooroyal.de\\\/magazin\\\/#\\\/schema\\\/person\\\/810f99afce6c3e05ec146bade163ace0\"},\"headline\":\"Milben bei Kaninchen\",\"datePublished\":\"2024-06-25T06:20:24+00:00\",\"dateModified\":\"2026-03-24T11:15:36+00:00\",\"mainEntityOfPage\":{\"@id\":\"https:\\\/\\\/www.zooroyal.de\\\/magazin\\\/kleintier\\\/kaninchen\\\/milben-bei-kaninchen\\\/\"},\"wordCount\":1109,\"commentCount\":1,\"image\":{\"@id\":\"https:\\\/\\\/www.zooroyal.de\\\/magazin\\\/kleintier\\\/kaninchen\\\/milben-bei-kaninchen\\\/#primaryimage\"},\"thumbnailUrl\":\"https:\\\/\\\/www.zooroyal.de\\\/magazin\\\/wp-content\\\/uploads\\\/2024\\\/06\\\/kaninchen-milben-760x570-1.gif\",\"keywords\":[\"Grabmilben\",\"Herbstgarsmilben\",\"Kaninchenkrankheiten\",\"Milben bei Kaninchen\",\"Milbenbefall\",\"ohrmilben\",\"Parasiten\",\"Parasiten bei Kaninchen\",\"Parasitenbefall\",\"Pelzmilben\",\"raumilben\"],\"articleSection\":[\"Kaninchen\",\"Kleintier Magazin\"],\"inLanguage\":\"de\",\"potentialAction\":[{\"@type\":\"CommentAction\",\"name\":\"Comment\",\"target\":[\"https:\\\/\\\/www.zooroyal.de\\\/magazin\\\/kleintier\\\/kaninchen\\\/milben-bei-kaninchen\\\/#respond\"]}]},{\"@type\":\"WebPage\",\"@id\":\"https:\\\/\\\/www.zooroyal.de\\\/magazin\\\/kleintier\\\/kaninchen\\\/milben-bei-kaninchen\\\/\",\"url\":\"https:\\\/\\\/www.zooroyal.de\\\/magazin\\\/kleintier\\\/kaninchen\\\/milben-bei-kaninchen\\\/\",\"name\":\"Milben bei Kaninchen - Symptome, Ursachen & Behandlung\",\"isPartOf\":{\"@id\":\"https:\\\/\\\/www.zooroyal.de\\\/magazin\\\/#website\"},\"primaryImageOfPage\":{\"@id\":\"https:\\\/\\\/www.zooroyal.de\\\/magazin\\\/kleintier\\\/kaninchen\\\/milben-bei-kaninchen\\\/#primaryimage\"},\"image\":{\"@id\":\"https:\\\/\\\/www.zooroyal.de\\\/magazin\\\/kleintier\\\/kaninchen\\\/milben-bei-kaninchen\\\/#primaryimage\"},\"thumbnailUrl\":\"https:\\\/\\\/www.zooroyal.de\\\/magazin\\\/wp-content\\\/uploads\\\/2024\\\/06\\\/kaninchen-milben-760x570-1.gif\",\"datePublished\":\"2024-06-25T06:20:24+00:00\",\"dateModified\":\"2026-03-24T11:15:36+00:00\",\"author\":{\"@id\":\"https:\\\/\\\/www.zooroyal.de\\\/magazin\\\/#\\\/schema\\\/person\\\/810f99afce6c3e05ec146bade163ace0\"},\"description\":\"Eine h\u00e4ufige Kleintierkrankheit: Milben bei Kaninchen. Sie sind keine Gefahr aber durchaus l\u00e4stig. So erkennst und bek\u00e4mpfst du den Befall.\",\"breadcrumb\":{\"@id\":\"https:\\\/\\\/www.zooroyal.de\\\/magazin\\\/kleintier\\\/kaninchen\\\/milben-bei-kaninchen\\\/#breadcrumb\"},\"inLanguage\":\"de\",\"potentialAction\":[{\"@type\":\"ReadAction\",\"target\":[\"https:\\\/\\\/www.zooroyal.de\\\/magazin\\\/kleintier\\\/kaninchen\\\/milben-bei-kaninchen\\\/\"]}]},{\"@type\":\"ImageObject\",\"inLanguage\":\"de\",\"@id\":\"https:\\\/\\\/www.zooroyal.de\\\/magazin\\\/kleintier\\\/kaninchen\\\/milben-bei-kaninchen\\\/#primaryimage\",\"url\":\"https:\\\/\\\/www.zooroyal.de\\\/magazin\\\/wp-content\\\/uploads\\\/2024\\\/06\\\/kaninchen-milben-760x570-1.gif\",\"contentUrl\":\"https:\\\/\\\/www.zooroyal.de\\\/magazin\\\/wp-content\\\/uploads\\\/2024\\\/06\\\/kaninchen-milben-760x570-1.gif\",\"width\":760,\"height\":570,\"caption\":\"Schwarz-braunes Kaninchen sitzt im Gras.\"},{\"@type\":\"BreadcrumbList\",\"@id\":\"https:\\\/\\\/www.zooroyal.de\\\/magazin\\\/kleintier\\\/kaninchen\\\/milben-bei-kaninchen\\\/#breadcrumb\",\"itemListElement\":[{\"@type\":\"ListItem\",\"position\":1,\"name\":\"Home\",\"item\":\"https:\\\/\\\/www.zooroyal.de\\\/magazin\\\/\"},{\"@type\":\"ListItem\",\"position\":2,\"name\":\"Milben bei Kaninchen\"}]},{\"@type\":\"WebSite\",\"@id\":\"https:\\\/\\\/www.zooroyal.de\\\/magazin\\\/#website\",\"url\":\"https:\\\/\\\/www.zooroyal.de\\\/magazin\\\/\",\"name\":\"ZooRoyal Magazin\",\"description\":\"\",\"potentialAction\":[{\"@type\":\"SearchAction\",\"target\":{\"@type\":\"EntryPoint\",\"urlTemplate\":\"https:\\\/\\\/www.zooroyal.de\\\/magazin\\\/?s={search_term_string}\"},\"query-input\":{\"@type\":\"PropertyValueSpecification\",\"valueRequired\":true,\"valueName\":\"search_term_string\"}}],\"inLanguage\":\"de\"},{\"@type\":\"Person\",\"@id\":\"https:\\\/\\\/www.zooroyal.de\\\/magazin\\\/#\\\/schema\\\/person\\\/810f99afce6c3e05ec146bade163ace0\",\"name\":\"Jacqueline Fischer\",\"image\":{\"@type\":\"ImageObject\",\"inLanguage\":\"de\",\"@id\":\"https:\\\/\\\/www.zooroyal.at\\\/magazin\\\/wp-content\\\/uploads\\\/2018\\\/08\\\/cropped-favicon_zooroyal-1-96x96.png\",\"url\":\"https:\\\/\\\/www.zooroyal.at\\\/magazin\\\/wp-content\\\/uploads\\\/2018\\\/08\\\/cropped-favicon_zooroyal-1-96x96.png\",\"contentUrl\":\"https:\\\/\\\/www.zooroyal.at\\\/magazin\\\/wp-content\\\/uploads\\\/2018\\\/08\\\/cropped-favicon_zooroyal-1-96x96.png\",\"caption\":\"Jacqueline Fischer\"},\"sameAs\":[\"http:\\\/\\\/zooroyal.de\\\/magazin\"]}]}<\/script>\n<!-- \/ Yoast SEO Premium plugin. -->","yoast_head_json":{"title":"Milben bei Kaninchen - Symptome, Ursachen & Behandlung","description":"Eine h\u00e4ufige Kleintierkrankheit: Milben bei Kaninchen. Sie sind keine Gefahr aber durchaus l\u00e4stig. So erkennst und bek\u00e4mpfst du den Befall.","robots":{"index":"index","follow":"follow","max-snippet":"max-snippet:-1","max-image-preview":"max-image-preview:large","max-video-preview":"max-video-preview:-1"},"canonical":"https:\/\/www.zooroyal.de\/magazin\/kleintier\/kaninchen\/milben-bei-kaninchen\/","og_locale":"de_DE","og_type":"article","og_title":"Milben bei Kaninchen","og_description":"Eine h\u00e4ufige Kleintierkrankheit: Milben bei Kaninchen. Sie sind keine Gefahr aber durchaus l\u00e4stig. So erkennst und bek\u00e4mpfst du den Befall.","og_url":"https:\/\/www.zooroyal.de\/magazin\/kleintier\/kaninchen\/milben-bei-kaninchen\/","og_site_name":"ZooRoyal Magazin","article_publisher":"https:\/\/www.facebook.com\/ZooRoyalDE","article_published_time":"2024-06-25T06:20:24+00:00","article_modified_time":"2026-03-24T11:15:36+00:00","og_image":[{"width":760,"height":570,"url":"https:\/\/www.zooroyal.de\/magazin\/wp-content\/uploads\/2024\/06\/kaninchen-milben-760x570-1.gif","type":"image\/gif"}],"author":"Jacqueline Fischer","twitter_card":"summary_large_image","twitter_creator":"@zooroyal","twitter_site":"@zooroyal","twitter_misc":{"Written by":"Jacqueline Fischer","Est. reading time":"6\u00a0Minuten"},"schema":{"@context":"https:\/\/schema.org","@graph":[{"@type":"Article","@id":"https:\/\/www.zooroyal.de\/magazin\/kleintier\/kaninchen\/milben-bei-kaninchen\/#article","isPartOf":{"@id":"https:\/\/www.zooroyal.de\/magazin\/kleintier\/kaninchen\/milben-bei-kaninchen\/"},"author":{"name":"Jacqueline Fischer","@id":"https:\/\/www.zooroyal.de\/magazin\/#\/schema\/person\/810f99afce6c3e05ec146bade163ace0"},"headline":"Milben bei Kaninchen","datePublished":"2024-06-25T06:20:24+00:00","dateModified":"2026-03-24T11:15:36+00:00","mainEntityOfPage":{"@id":"https:\/\/www.zooroyal.de\/magazin\/kleintier\/kaninchen\/milben-bei-kaninchen\/"},"wordCount":1109,"commentCount":1,"image":{"@id":"https:\/\/www.zooroyal.de\/magazin\/kleintier\/kaninchen\/milben-bei-kaninchen\/#primaryimage"},"thumbnailUrl":"https:\/\/www.zooroyal.de\/magazin\/wp-content\/uploads\/2024\/06\/kaninchen-milben-760x570-1.gif","keywords":["Grabmilben","Herbstgarsmilben","Kaninchenkrankheiten","Milben bei Kaninchen","Milbenbefall","ohrmilben","Parasiten","Parasiten bei Kaninchen","Parasitenbefall","Pelzmilben","raumilben"],"articleSection":["Kaninchen","Kleintier Magazin"],"inLanguage":"de","potentialAction":[{"@type":"CommentAction","name":"Comment","target":["https:\/\/www.zooroyal.de\/magazin\/kleintier\/kaninchen\/milben-bei-kaninchen\/#respond"]}]},{"@type":"WebPage","@id":"https:\/\/www.zooroyal.de\/magazin\/kleintier\/kaninchen\/milben-bei-kaninchen\/","url":"https:\/\/www.zooroyal.de\/magazin\/kleintier\/kaninchen\/milben-bei-kaninchen\/","name":"Milben bei Kaninchen - Symptome, Ursachen & Behandlung","isPartOf":{"@id":"https:\/\/www.zooroyal.de\/magazin\/#website"},"primaryImageOfPage":{"@id":"https:\/\/www.zooroyal.de\/magazin\/kleintier\/kaninchen\/milben-bei-kaninchen\/#primaryimage"},"image":{"@id":"https:\/\/www.zooroyal.de\/magazin\/kleintier\/kaninchen\/milben-bei-kaninchen\/#primaryimage"},"thumbnailUrl":"https:\/\/www.zooroyal.de\/magazin\/wp-content\/uploads\/2024\/06\/kaninchen-milben-760x570-1.gif","datePublished":"2024-06-25T06:20:24+00:00","dateModified":"2026-03-24T11:15:36+00:00","author":{"@id":"https:\/\/www.zooroyal.de\/magazin\/#\/schema\/person\/810f99afce6c3e05ec146bade163ace0"},"description":"Eine h\u00e4ufige Kleintierkrankheit: Milben bei Kaninchen. Sie sind keine Gefahr aber durchaus l\u00e4stig. So erkennst und bek\u00e4mpfst du den Befall.","breadcrumb":{"@id":"https:\/\/www.zooroyal.de\/magazin\/kleintier\/kaninchen\/milben-bei-kaninchen\/#breadcrumb"},"inLanguage":"de","potentialAction":[{"@type":"ReadAction","target":["https:\/\/www.zooroyal.de\/magazin\/kleintier\/kaninchen\/milben-bei-kaninchen\/"]}]},{"@type":"ImageObject","inLanguage":"de","@id":"https:\/\/www.zooroyal.de\/magazin\/kleintier\/kaninchen\/milben-bei-kaninchen\/#primaryimage","url":"https:\/\/www.zooroyal.de\/magazin\/wp-content\/uploads\/2024\/06\/kaninchen-milben-760x570-1.gif","contentUrl":"https:\/\/www.zooroyal.de\/magazin\/wp-content\/uploads\/2024\/06\/kaninchen-milben-760x570-1.gif","width":760,"height":570,"caption":"Schwarz-braunes Kaninchen sitzt im Gras."},{"@type":"BreadcrumbList","@id":"https:\/\/www.zooroyal.de\/magazin\/kleintier\/kaninchen\/milben-bei-kaninchen\/#breadcrumb","itemListElement":[{"@type":"ListItem","position":1,"name":"Home","item":"https:\/\/www.zooroyal.de\/magazin\/"},{"@type":"ListItem","position":2,"name":"Milben bei Kaninchen"}]},{"@type":"WebSite","@id":"https:\/\/www.zooroyal.de\/magazin\/#website","url":"https:\/\/www.zooroyal.de\/magazin\/","name":"ZooRoyal Magazin","description":"","potentialAction":[{"@type":"SearchAction","target":{"@type":"EntryPoint","urlTemplate":"https:\/\/www.zooroyal.de\/magazin\/?s={search_term_string}"},"query-input":{"@type":"PropertyValueSpecification","valueRequired":true,"valueName":"search_term_string"}}],"inLanguage":"de"},{"@type":"Person","@id":"https:\/\/www.zooroyal.de\/magazin\/#\/schema\/person\/810f99afce6c3e05ec146bade163ace0","name":"Jacqueline Fischer","image":{"@type":"ImageObject","inLanguage":"de","@id":"https:\/\/www.zooroyal.at\/magazin\/wp-content\/uploads\/2018\/08\/cropped-favicon_zooroyal-1-96x96.png","url":"https:\/\/www.zooroyal.at\/magazin\/wp-content\/uploads\/2018\/08\/cropped-favicon_zooroyal-1-96x96.png","contentUrl":"https:\/\/www.zooroyal.at\/magazin\/wp-content\/uploads\/2018\/08\/cropped-favicon_zooroyal-1-96x96.png","caption":"Jacqueline Fischer"},"sameAs":["http:\/\/zooroyal.de\/magazin"]}]}},"_links":{"self":[{"href":"https:\/\/www.zooroyal.de\/magazin\/wp-json\/wp\/v2\/posts\/33075","targetHints":{"allow":["GET"]}}],"collection":[{"href":"https:\/\/www.zooroyal.de\/magazin\/wp-json\/wp\/v2\/posts"}],"about":[{"href":"https:\/\/www.zooroyal.de\/magazin\/wp-json\/wp\/v2\/types\/post"}],"author":[{"embeddable":true,"href":"https:\/\/www.zooroyal.de\/magazin\/wp-json\/wp\/v2\/users\/58"}],"replies":[{"embeddable":true,"href":"https:\/\/www.zooroyal.de\/magazin\/wp-json\/wp\/v2\/comments?post=33075"}],"version-history":[{"count":10,"href":"https:\/\/www.zooroyal.de\/magazin\/wp-json\/wp\/v2\/posts\/33075\/revisions"}],"predecessor-version":[{"id":38357,"href":"https:\/\/www.zooroyal.de\/magazin\/wp-json\/wp\/v2\/posts\/33075\/revisions\/38357"}],"wp:featuredmedia":[{"embeddable":true,"href":"https:\/\/www.zooroyal.de\/magazin\/wp-json\/wp\/v2\/media\/33076"}],"wp:attachment":[{"href":"https:\/\/www.zooroyal.de\/magazin\/wp-json\/wp\/v2\/media?parent=33075"}],"wp:term":[{"taxonomy":"category","embeddable":true,"href":"https:\/\/www.zooroyal.de\/magazin\/wp-json\/wp\/v2\/categories?post=33075"},{"taxonomy":"post_tag","embeddable":true,"href":"https:\/\/www.zooroyal.de\/magazin\/wp-json\/wp\/v2\/tags?post=33075"}],"curies":[{"name":"wp","href":"https:\/\/api.w.org\/{rel}","templated":true}]}}